{"id":1718,"date":"2022-01-17T11:47:49","date_gmt":"2022-01-17T14:47:49","guid":{"rendered":"https:\/\/grupopiccolo.com.br\/v3\/?p=1718"},"modified":"2022-01-17T11:48:05","modified_gmt":"2022-01-17T14:48:05","slug":"como-tratar-feridas-cronicas","status":"publish","type":"post","link":"https:\/\/grupopiccolo.com.br\/v3\/index.php\/2022\/01\/17\/como-tratar-feridas-cronicas\/","title":{"rendered":"Como tratar feridas cr\u00f4nicas?"},"content":{"rendered":"<p style=\"text-align: justify;\">Voc\u00ea sabe o que \u00e9 uma ferida cr\u00f4nica? Conhecida tamb\u00e9m como ferida complexa, a ferida cr\u00f4nica \u00e9 aquela que n\u00e3o cicatriza por um per\u00edodo maior que 3 semanas.<\/p>\n<p>&nbsp;<\/p>\n<p style=\"text-align: justify;\">A principal causa da n\u00e3o cicatriza\u00e7\u00e3o das feridas cr\u00f4nicas \u00e9 o tratamento inadequado da sua real etiologia. Por isso, o primeiro passo para tratar este tipo de ferida \u00e9 eliminar ou controlar a patologia de base e os fatores que est\u00e3o ou podem comprometer a cicatriza\u00e7\u00e3o. O tratamento localizado tem como objetivo obter tecido de granula\u00e7\u00e3o bem vascularizado e sem sinais de infec\u00e7\u00e3o, que contribui para uma cicatriza\u00e7\u00e3o mais r\u00e1pida.<\/p>\n<p>&nbsp;<\/p>\n<p style=\"text-align: justify;\">Atrav\u00e9s da avalia\u00e7\u00e3o integral com uma equipe multidisciplinar ser\u00e1 poss\u00edvel elaborar um plano de tratamento individualizado para cada paciente.<\/p>\n<p>&nbsp;<\/p>\n<p style=\"text-align: justify;\">Reconhecer cada paciente como \u00fanico e seguir um plano que atenda \u00e0s suas especificidades.<\/p>\n<p>&nbsp;<\/p>\n<p style=\"text-align: justify;\">Venha tratar suas feridas cr\u00f4nicas com a equipe multidisciplinar do Pronto Socorro para Queimaduras.<\/p>\n<p>&nbsp;<\/p>\n<p style=\"text-align: justify;\"><strong>Para maiores informa\u00e7\u00f5es e d\u00favidas:<\/strong><\/p>\n<p style=\"text-align: justify;\"><strong>Contato: (62) 3604-4100<\/strong><\/p>\n<p style=\"text-align: justify;\"><strong>Visite nosso site:<\/strong> <a href=\"https:\/\/grupopiccolo.com.br\/v3\/\"><strong>https:\/\/grupopiccolo.com.br\/v3\/<\/strong><\/a><\/p>\n<p style=\"text-align: justify;\"><strong>Endere\u00e7o:<\/strong> Rua 5, 439, Setor Oeste, Goi\u00e2nia, Goi\u00e1s<\/p>\n<p>&nbsp;<\/p>\n<p style=\"text-align: justify;\"><strong>Atendemos:<\/strong><\/p>\n<p style=\"text-align: justify;\">-Particular<\/p>\n<p style=\"text-align: justify;\">-IPASGO<\/p>\n<p style=\"text-align: justify;\">-IMAS<\/p>\n<p style=\"text-align: justify;\">-CASSI<\/p>\n<p style=\"text-align: justify;\">-Outros conv\u00eanios<\/p>\n<p>&nbsp;<\/p>\n<p style=\"text-align: justify;\"><strong>Tratamentos:<\/strong><\/p>\n<p style=\"text-align: justify;\">-Queimaduras<\/p>\n<p style=\"text-align: justify;\">-Feridas<\/p>\n<p style=\"text-align: justify;\">-\u00dalceras Varicosas<\/p>\n<p style=\"text-align: justify;\">-P\u00e9 Diab\u00e9tico<\/p>\n<p style=\"text-align: justify;\">-\u00dalceras de Press\u00e3o<\/p>\n<p style=\"text-align: justify;\">-Escaras<\/p>\n<p style=\"text-align: justify;\"><strong>\u00a0<\/strong><\/p>\n<p style=\"text-align: justify;\"><strong>Respons\u00e1vel T\u00e9cnico:<\/strong> Dr. Nelson Sarto P\u00edccolo &#8211; CRM\/GO: 4606 &#8211; RQE 476<\/p>\n","protected":false},"excerpt":{"rendered":"<p>Voc\u00ea sabe o que \u00e9 uma ferida cr\u00f4nica? Conhecida tamb\u00e9m como ferida complexa, a ferida cr\u00f4nica \u00e9 aquela que n\u00e3o cicatriza por um per\u00edodo maior que 3 semanas. &nbsp; A principal causa da n\u00e3o cicatriza\u00e7\u00e3o das feridas cr\u00f4nicas \u00e9 o tratamento inadequado da sua real etiologia. Por isso, o primeiro passo para tratar este tipo<\/p>\n","protected":false},"author":1,"featured_media":1719,"comment_status":"open","ping_status":"open","sticky":false,"template":"","format":"standard","meta":{"footnotes":""},"categories":[95,56,57,54,8,52,55,62,65,63,64,82,83],"tags":[96,60,61,58,87,97,53,59,84,67,69,66,70,77,76],"class_list":["post-1718","post","type-post","status-publish","format-standard","has-post-thumbnail","hentry","category-feridas-cronicas","category-goiania","category-goias","category-grupo-piccolo","category-home-one","category-noticias","category-pronto-socorro-para-queimaduras","category-tratamento-de-feridas","category-tratamento-de-lesoes","category-tratamento-de-pe-diabetico","category-tratamento-escaras","category-ulceras-de-pressao","category-ulceras-varicosas","tag-feridas-cronicas","tag-goiania","tag-goias","tag-grupo-piccolo","tag-imprensa","tag-manchetes","tag-noticias","tag-pronto-socorro-para-queimaduras","tag-saude","tag-tratamento-de-feridas","tag-tratamento-de-lesoes","tag-tratamento-de-pe-diabetico","tag-tratamento-escaras","tag-ulceras-de-pressao","tag-ulceras-varicosas"],"yoast_head":"<!-- This site is optimized with the Yoast SEO plugin v17.0 - https:\/\/yoast.com\/wordpress\/plugins\/seo\/ -->\n<title>Como tratar feridas cr\u00f4nicas? - Grupo Piccolo<\/title>\n<meta name=\"description\" content=\"Como tratar feridas cr\u00f4nicas?\" \/>\n<meta name=\"robots\" content=\"index, follow, max-snippet:-1, max-image-preview:large, max-video-preview:-1\" \/>\n<link rel=\"canonical\" href=\"https:\/\/grupopiccolo.com.br\/v3\/index.php\/2022\/01\/17\/como-tratar-feridas-cronicas\/\" \/>\n<meta property=\"og:locale\" content=\"pt_BR\" \/>\n<meta property=\"og:type\" content=\"article\" \/>\n<meta property=\"og:title\" content=\"Como tratar feridas cr\u00f4nicas? - Grupo Piccolo\" \/>\n<meta property=\"og:description\" content=\"Como tratar feridas cr\u00f4nicas?\" \/>\n<meta property=\"og:url\" content=\"https:\/\/grupopiccolo.com.br\/v3\/index.php\/2022\/01\/17\/como-tratar-feridas-cronicas\/\" \/>\n<meta property=\"og:site_name\" content=\"Grupo Piccolo\" \/>\n<meta property=\"article:author\" content=\"https:\/\/www.facebook.com\/prontosocorroparaqueimaduras\/\" \/>\n<meta property=\"article:published_time\" content=\"2022-01-17T14:47:49+00:00\" \/>\n<meta property=\"article:modified_time\" content=\"2022-01-17T14:48:05+00:00\" \/>\n<meta property=\"og:image\" content=\"https:\/\/grupopiccolo.com.br\/v3\/wp-content\/uploads\/2022\/01\/10-Como-tratar-feridas-cronicas.jpg\" \/>\n\t<meta property=\"og:image:width\" content=\"1280\" \/>\n\t<meta property=\"og:image:height\" content=\"854\" \/>\n<meta name=\"twitter:card\" content=\"summary_large_image\" \/>\n<meta name=\"twitter:label1\" content=\"Escrito por\" \/>\n\t<meta name=\"twitter:data1\" content=\"Grupo Piccolo\" \/>\n\t<meta name=\"twitter:label2\" content=\"Est. tempo de leitura\" \/>\n\t<meta name=\"twitter:data2\" content=\"1 minuto\" \/>\n<script type=\"application\/ld+json\" class=\"yoast-schema-graph\">{\"@context\":\"https:\/\/schema.org\",\"@graph\":[{\"@type\":\"Organization\",\"@id\":\"https:\/\/grupopiccolo.com.br\/v3\/#organization\",\"name\":\"Grupo Piccolo\",\"url\":\"https:\/\/grupopiccolo.com.br\/v3\/\",\"sameAs\":[],\"logo\":{\"@type\":\"ImageObject\",\"@id\":\"https:\/\/grupopiccolo.com.br\/v3\/#logo\",\"inLanguage\":\"pt-BR\",\"url\":\"https:\/\/grupopiccolo.com.br\/v3\/wp-content\/uploads\/2019\/01\/logo-grupo-piccolo-1.png\",\"contentUrl\":\"https:\/\/grupopiccolo.com.br\/v3\/wp-content\/uploads\/2019\/01\/logo-grupo-piccolo-1.png\",\"width\":672,\"height\":234,\"caption\":\"Grupo Piccolo\"},\"image\":{\"@id\":\"https:\/\/grupopiccolo.com.br\/v3\/#logo\"}},{\"@type\":\"WebSite\",\"@id\":\"https:\/\/grupopiccolo.com.br\/v3\/#website\",\"url\":\"https:\/\/grupopiccolo.com.br\/v3\/\",\"name\":\"Grupo Piccolo\",\"description\":\"Grupo Piccolo\",\"publisher\":{\"@id\":\"https:\/\/grupopiccolo.com.br\/v3\/#organization\"},\"potentialAction\":[{\"@type\":\"SearchAction\",\"target\":{\"@type\":\"EntryPoint\",\"urlTemplate\":\"https:\/\/grupopiccolo.com.br\/v3\/?s={search_term_string}\"},\"query-input\":\"required name=search_term_string\"}],\"inLanguage\":\"pt-BR\"},{\"@type\":\"ImageObject\",\"@id\":\"https:\/\/grupopiccolo.com.br\/v3\/index.php\/2022\/01\/17\/como-tratar-feridas-cronicas\/#primaryimage\",\"inLanguage\":\"pt-BR\",\"url\":\"https:\/\/grupopiccolo.com.br\/v3\/wp-content\/uploads\/2022\/01\/10-Como-tratar-feridas-cronicas.jpg\",\"contentUrl\":\"https:\/\/grupopiccolo.com.br\/v3\/wp-content\/uploads\/2022\/01\/10-Como-tratar-feridas-cronicas.jpg\",\"width\":1280,\"height\":854,\"caption\":\"Imagem\/Freepik\"},{\"@type\":\"WebPage\",\"@id\":\"https:\/\/grupopiccolo.com.br\/v3\/index.php\/2022\/01\/17\/como-tratar-feridas-cronicas\/#webpage\",\"url\":\"https:\/\/grupopiccolo.com.br\/v3\/index.php\/2022\/01\/17\/como-tratar-feridas-cronicas\/\",\"name\":\"Como tratar feridas cr\\u00f4nicas? - Grupo Piccolo\",\"isPartOf\":{\"@id\":\"https:\/\/grupopiccolo.com.br\/v3\/#website\"},\"primaryImageOfPage\":{\"@id\":\"https:\/\/grupopiccolo.com.br\/v3\/index.php\/2022\/01\/17\/como-tratar-feridas-cronicas\/#primaryimage\"},\"datePublished\":\"2022-01-17T14:47:49+00:00\",\"dateModified\":\"2022-01-17T14:48:05+00:00\",\"description\":\"Como tratar feridas cr\\u00f4nicas?\",\"breadcrumb\":{\"@id\":\"https:\/\/grupopiccolo.com.br\/v3\/index.php\/2022\/01\/17\/como-tratar-feridas-cronicas\/#breadcrumb\"},\"inLanguage\":\"pt-BR\",\"potentialAction\":[{\"@type\":\"ReadAction\",\"target\":[\"https:\/\/grupopiccolo.com.br\/v3\/index.php\/2022\/01\/17\/como-tratar-feridas-cronicas\/\"]}]},{\"@type\":\"BreadcrumbList\",\"@id\":\"https:\/\/grupopiccolo.com.br\/v3\/index.php\/2022\/01\/17\/como-tratar-feridas-cronicas\/#breadcrumb\",\"itemListElement\":[{\"@type\":\"ListItem\",\"position\":1,\"name\":\"In\\u00edcio\",\"item\":\"https:\/\/grupopiccolo.com.br\/v3\/\"},{\"@type\":\"ListItem\",\"position\":2,\"name\":\"Como tratar feridas cr\\u00f4nicas?\"}]},{\"@type\":\"Article\",\"@id\":\"https:\/\/grupopiccolo.com.br\/v3\/index.php\/2022\/01\/17\/como-tratar-feridas-cronicas\/#article\",\"isPartOf\":{\"@id\":\"https:\/\/grupopiccolo.com.br\/v3\/index.php\/2022\/01\/17\/como-tratar-feridas-cronicas\/#webpage\"},\"author\":{\"@id\":\"https:\/\/grupopiccolo.com.br\/v3\/#\/schema\/person\/3b36273be544f5be11c4791e0451755e\"},\"headline\":\"Como tratar feridas cr\\u00f4nicas?\",\"datePublished\":\"2022-01-17T14:47:49+00:00\",\"dateModified\":\"2022-01-17T14:48:05+00:00\",\"mainEntityOfPage\":{\"@id\":\"https:\/\/grupopiccolo.com.br\/v3\/index.php\/2022\/01\/17\/como-tratar-feridas-cronicas\/#webpage\"},\"wordCount\":233,\"commentCount\":0,\"publisher\":{\"@id\":\"https:\/\/grupopiccolo.com.br\/v3\/#organization\"},\"image\":{\"@id\":\"https:\/\/grupopiccolo.com.br\/v3\/index.php\/2022\/01\/17\/como-tratar-feridas-cronicas\/#primaryimage\"},\"thumbnailUrl\":\"https:\/\/grupopiccolo.com.br\/v3\/wp-content\/uploads\/2022\/01\/10-Como-tratar-feridas-cronicas.jpg\",\"keywords\":[\"Feridas cr\\u00f4nicas\",\"Goi\\u00e2nia\",\"Goi\\u00e1s\",\"Grupo Piccolo\",\"Imprensa\",\"Manchetes\",\"Not\\u00edcias\",\"Pronto Socorro para Queimaduras\",\"Sa\\u00fade\",\"Tratamento de feridas\",\"tratamento de les\\u00f5es\",\"Tratamento de p\\u00e9 diab\\u00e9tico\",\"tratamento escaras\",\"\\u00dalceras de Press\\u00e3o\",\"\\u00dalceras Varicosas\"],\"articleSection\":[\"Feridas cr\\u00f4nicas\",\"Goi\\u00e2nia\",\"Goi\\u00e1s\",\"Grupo Piccolo\",\"Home One\",\"Not\\u00edcias\",\"Pronto Socorro para Queimaduras\",\"Tratamento de feridas\",\"tratamento de les\\u00f5es\",\"Tratamento de p\\u00e9 diab\\u00e9tico\",\"tratamento escaras\",\"\\u00falceras de press\\u00e3o\",\"\\u00falceras varicosas\"],\"inLanguage\":\"pt-BR\",\"potentialAction\":[{\"@type\":\"CommentAction\",\"name\":\"Comment\",\"target\":[\"https:\/\/grupopiccolo.com.br\/v3\/index.php\/2022\/01\/17\/como-tratar-feridas-cronicas\/#respond\"]}]},{\"@type\":\"Person\",\"@id\":\"https:\/\/grupopiccolo.com.br\/v3\/#\/schema\/person\/3b36273be544f5be11c4791e0451755e\",\"name\":\"Grupo Piccolo\",\"image\":{\"@type\":\"ImageObject\",\"@id\":\"https:\/\/grupopiccolo.com.br\/v3\/#personlogo\",\"inLanguage\":\"pt-BR\",\"url\":\"https:\/\/grupopiccolo.com.br\/v3\/wp-content\/uploads\/2021\/08\/Logo-Marca-Piccolo-Redonda-sem-slogan-2-150x150.png\",\"contentUrl\":\"https:\/\/grupopiccolo.com.br\/v3\/wp-content\/uploads\/2021\/08\/Logo-Marca-Piccolo-Redonda-sem-slogan-2-150x150.png\",\"caption\":\"Grupo Piccolo\"},\"description\":\"O Pronto Socorro para Queimaduras \\u00e9 refer\\u00eancia no tratamento de queimaduras em Goi\\u00e1s e regi\\u00e3o Centro-Oeste.\",\"sameAs\":[\"https:\/\/grupopiccolo.com.br\/v3\",\"https:\/\/www.facebook.com\/prontosocorroparaqueimaduras\/\"],\"url\":\"https:\/\/grupopiccolo.com.br\/v3\/index.php\/author\/piccolo\/\"}]}<\/script>\n<!-- \/ Yoast SEO plugin. -->","yoast_head_json":{"title":"Como tratar feridas cr\u00f4nicas? - Grupo Piccolo","description":"Como tratar feridas cr\u00f4nicas?","robots":{"index":"index","follow":"follow","max-snippet":"max-snippet:-1","max-image-preview":"max-image-preview:large","max-video-preview":"max-video-preview:-1"},"canonical":"https:\/\/grupopiccolo.com.br\/v3\/index.php\/2022\/01\/17\/como-tratar-feridas-cronicas\/","og_locale":"pt_BR","og_type":"article","og_title":"Como tratar feridas cr\u00f4nicas? - Grupo Piccolo","og_description":"Como tratar feridas cr\u00f4nicas?","og_url":"https:\/\/grupopiccolo.com.br\/v3\/index.php\/2022\/01\/17\/como-tratar-feridas-cronicas\/","og_site_name":"Grupo Piccolo","article_author":"https:\/\/www.facebook.com\/prontosocorroparaqueimaduras\/","article_published_time":"2022-01-17T14:47:49+00:00","article_modified_time":"2022-01-17T14:48:05+00:00","og_image":[{"width":1280,"height":854,"url":"https:\/\/grupopiccolo.com.br\/v3\/wp-content\/uploads\/2022\/01\/10-Como-tratar-feridas-cronicas.jpg","path":"\/home2\/grupopi\/public_html\/v3\/wp-content\/uploads\/2022\/01\/10-Como-tratar-feridas-cronicas.jpg","size":"full","id":1719,"alt":"Feridas cr\u00f4nicas, Goi\u00e2nia, Goi\u00e1s, Sa\u00fade, Grupo Piccolo, Not\u00edcias, Manchetes, Imprensa, Pronto Socorro para Queimaduras, Tratamento de feridas, tratamento de les\u00f5es, tratamento de p\u00e9 diab\u00e9tico, tratamento escaras, \u00falceras de press\u00e3o, \u00falceras varicosas","pixels":1093120,"type":"image\/jpeg"}],"twitter_card":"summary_large_image","twitter_misc":{"Escrito por":"Grupo Piccolo","Est. tempo de leitura":"1 minuto"},"schema":{"@context":"https:\/\/schema.org","@graph":[{"@type":"Organization","@id":"https:\/\/grupopiccolo.com.br\/v3\/#organization","name":"Grupo Piccolo","url":"https:\/\/grupopiccolo.com.br\/v3\/","sameAs":[],"logo":{"@type":"ImageObject","@id":"https:\/\/grupopiccolo.com.br\/v3\/#logo","inLanguage":"pt-BR","url":"https:\/\/grupopiccolo.com.br\/v3\/wp-content\/uploads\/2019\/01\/logo-grupo-piccolo-1.png","contentUrl":"https:\/\/grupopiccolo.com.br\/v3\/wp-content\/uploads\/2019\/01\/logo-grupo-piccolo-1.png","width":672,"height":234,"caption":"Grupo Piccolo"},"image":{"@id":"https:\/\/grupopiccolo.com.br\/v3\/#logo"}},{"@type":"WebSite","@id":"https:\/\/grupopiccolo.com.br\/v3\/#website","url":"https:\/\/grupopiccolo.com.br\/v3\/","name":"Grupo Piccolo","description":"Grupo Piccolo","publisher":{"@id":"https:\/\/grupopiccolo.com.br\/v3\/#organization"},"potentialAction":[{"@type":"SearchAction","target":{"@type":"EntryPoint","urlTemplate":"https:\/\/grupopiccolo.com.br\/v3\/?s={search_term_string}"},"query-input":"required name=search_term_string"}],"inLanguage":"pt-BR"},{"@type":"ImageObject","@id":"https:\/\/grupopiccolo.com.br\/v3\/index.php\/2022\/01\/17\/como-tratar-feridas-cronicas\/#primaryimage","inLanguage":"pt-BR","url":"https:\/\/grupopiccolo.com.br\/v3\/wp-content\/uploads\/2022\/01\/10-Como-tratar-feridas-cronicas.jpg","contentUrl":"https:\/\/grupopiccolo.com.br\/v3\/wp-content\/uploads\/2022\/01\/10-Como-tratar-feridas-cronicas.jpg","width":1280,"height":854,"caption":"Imagem\/Freepik"},{"@type":"WebPage","@id":"https:\/\/grupopiccolo.com.br\/v3\/index.php\/2022\/01\/17\/como-tratar-feridas-cronicas\/#webpage","url":"https:\/\/grupopiccolo.com.br\/v3\/index.php\/2022\/01\/17\/como-tratar-feridas-cronicas\/","name":"Como tratar feridas cr\u00f4nicas? - Grupo Piccolo","isPartOf":{"@id":"https:\/\/grupopiccolo.com.br\/v3\/#website"},"primaryImageOfPage":{"@id":"https:\/\/grupopiccolo.com.br\/v3\/index.php\/2022\/01\/17\/como-tratar-feridas-cronicas\/#primaryimage"},"datePublished":"2022-01-17T14:47:49+00:00","dateModified":"2022-01-17T14:48:05+00:00","description":"Como tratar feridas cr\u00f4nicas?","breadcrumb":{"@id":"https:\/\/grupopiccolo.com.br\/v3\/index.php\/2022\/01\/17\/como-tratar-feridas-cronicas\/#breadcrumb"},"inLanguage":"pt-BR","potentialAction":[{"@type":"ReadAction","target":["https:\/\/grupopiccolo.com.br\/v3\/index.php\/2022\/01\/17\/como-tratar-feridas-cronicas\/"]}]},{"@type":"BreadcrumbList","@id":"https:\/\/grupopiccolo.com.br\/v3\/index.php\/2022\/01\/17\/como-tratar-feridas-cronicas\/#breadcrumb","itemListElement":[{"@type":"ListItem","position":1,"name":"In\u00edcio","item":"https:\/\/grupopiccolo.com.br\/v3\/"},{"@type":"ListItem","position":2,"name":"Como tratar feridas cr\u00f4nicas?"}]},{"@type":"Article","@id":"https:\/\/grupopiccolo.com.br\/v3\/index.php\/2022\/01\/17\/como-tratar-feridas-cronicas\/#article","isPartOf":{"@id":"https:\/\/grupopiccolo.com.br\/v3\/index.php\/2022\/01\/17\/como-tratar-feridas-cronicas\/#webpage"},"author":{"@id":"https:\/\/grupopiccolo.com.br\/v3\/#\/schema\/person\/3b36273be544f5be11c4791e0451755e"},"headline":"Como tratar feridas cr\u00f4nicas?","datePublished":"2022-01-17T14:47:49+00:00","dateModified":"2022-01-17T14:48:05+00:00","mainEntityOfPage":{"@id":"https:\/\/grupopiccolo.com.br\/v3\/index.php\/2022\/01\/17\/como-tratar-feridas-cronicas\/#webpage"},"wordCount":233,"commentCount":0,"publisher":{"@id":"https:\/\/grupopiccolo.com.br\/v3\/#organization"},"image":{"@id":"https:\/\/grupopiccolo.com.br\/v3\/index.php\/2022\/01\/17\/como-tratar-feridas-cronicas\/#primaryimage"},"thumbnailUrl":"https:\/\/grupopiccolo.com.br\/v3\/wp-content\/uploads\/2022\/01\/10-Como-tratar-feridas-cronicas.jpg","keywords":["Feridas cr\u00f4nicas","Goi\u00e2nia","Goi\u00e1s","Grupo Piccolo","Imprensa","Manchetes","Not\u00edcias","Pronto Socorro para Queimaduras","Sa\u00fade","Tratamento de feridas","tratamento de les\u00f5es","Tratamento de p\u00e9 diab\u00e9tico","tratamento escaras","\u00dalceras de Press\u00e3o","\u00dalceras Varicosas"],"articleSection":["Feridas cr\u00f4nicas","Goi\u00e2nia","Goi\u00e1s","Grupo Piccolo","Home One","Not\u00edcias","Pronto Socorro para Queimaduras","Tratamento de feridas","tratamento de les\u00f5es","Tratamento de p\u00e9 diab\u00e9tico","tratamento escaras","\u00falceras de press\u00e3o","\u00falceras varicosas"],"inLanguage":"pt-BR","potentialAction":[{"@type":"CommentAction","name":"Comment","target":["https:\/\/grupopiccolo.com.br\/v3\/index.php\/2022\/01\/17\/como-tratar-feridas-cronicas\/#respond"]}]},{"@type":"Person","@id":"https:\/\/grupopiccolo.com.br\/v3\/#\/schema\/person\/3b36273be544f5be11c4791e0451755e","name":"Grupo Piccolo","image":{"@type":"ImageObject","@id":"https:\/\/grupopiccolo.com.br\/v3\/#personlogo","inLanguage":"pt-BR","url":"https:\/\/grupopiccolo.com.br\/v3\/wp-content\/uploads\/2021\/08\/Logo-Marca-Piccolo-Redonda-sem-slogan-2-150x150.png","contentUrl":"https:\/\/grupopiccolo.com.br\/v3\/wp-content\/uploads\/2021\/08\/Logo-Marca-Piccolo-Redonda-sem-slogan-2-150x150.png","caption":"Grupo Piccolo"},"description":"O Pronto Socorro para Queimaduras \u00e9 refer\u00eancia no tratamento de queimaduras em Goi\u00e1s e regi\u00e3o Centro-Oeste.","sameAs":["https:\/\/grupopiccolo.com.br\/v3","https:\/\/www.facebook.com\/prontosocorroparaqueimaduras\/"],"url":"https:\/\/grupopiccolo.com.br\/v3\/index.php\/author\/piccolo\/"}]}},"amp_enabled":true,"_links":{"self":[{"href":"https:\/\/grupopiccolo.com.br\/v3\/index.php\/wp-json\/wp\/v2\/posts\/1718","targetHints":{"allow":["GET"]}}],"collection":[{"href":"https:\/\/grupopiccolo.com.br\/v3\/index.php\/wp-json\/wp\/v2\/posts"}],"about":[{"href":"https:\/\/grupopiccolo.com.br\/v3\/index.php\/wp-json\/wp\/v2\/types\/post"}],"author":[{"embeddable":true,"href":"https:\/\/grupopiccolo.com.br\/v3\/index.php\/wp-json\/wp\/v2\/users\/1"}],"replies":[{"embeddable":true,"href":"https:\/\/grupopiccolo.com.br\/v3\/index.php\/wp-json\/wp\/v2\/comments?post=1718"}],"version-history":[{"count":2,"href":"https:\/\/grupopiccolo.com.br\/v3\/index.php\/wp-json\/wp\/v2\/posts\/1718\/revisions"}],"predecessor-version":[{"id":1721,"href":"https:\/\/grupopiccolo.com.br\/v3\/index.php\/wp-json\/wp\/v2\/posts\/1718\/revisions\/1721"}],"wp:featuredmedia":[{"embeddable":true,"href":"https:\/\/grupopiccolo.com.br\/v3\/index.php\/wp-json\/wp\/v2\/media\/1719"}],"wp:attachment":[{"href":"https:\/\/grupopiccolo.com.br\/v3\/index.php\/wp-json\/wp\/v2\/media?parent=1718"}],"wp:term":[{"taxonomy":"category","embeddable":true,"href":"https:\/\/grupopiccolo.com.br\/v3\/index.php\/wp-json\/wp\/v2\/categories?post=1718"},{"taxonomy":"post_tag","embeddable":true,"href":"https:\/\/grupopiccolo.com.br\/v3\/index.php\/wp-json\/wp\/v2\/tags?post=1718"}],"curies":[{"name":"wp","href":"https:\/\/api.w.org\/{rel}","templated":true}]}}