{"id":1750,"date":"2022-02-14T11:53:53","date_gmt":"2022-02-14T14:53:53","guid":{"rendered":"https:\/\/grupopiccolo.com.br\/v3\/?p=1750"},"modified":"2022-02-14T11:54:10","modified_gmt":"2022-02-14T14:54:10","slug":"dia-do-dermatologista","status":"publish","type":"post","link":"https:\/\/grupopiccolo.com.br\/v3\/index.php\/2022\/02\/14\/dia-do-dermatologista\/","title":{"rendered":"Dia do Dermatologista"},"content":{"rendered":"<p style=\"text-align: justify;\">O dermatologista \u00e9 o m\u00e9dico especialista no diagn\u00f3stico, preven\u00e7\u00e3o e tratamento de doen\u00e7as de pele, pelos, mucosas, cabelos e unhas. Ao todo, mais de 3 mil doen\u00e7as dermatol\u00f3gicas afetam crian\u00e7as, adultos e idosos.<\/p>\n<p>&nbsp;<\/p>\n<p style=\"text-align: justify;\">Al\u00e9m do tratamento de doen\u00e7as de pele, o dermatologista tamb\u00e9m pode atuar juntamente com outros especialistas no tratamento de queimaduras orientando os familiares de como proceder nos primeiros cuidados ao queimado ou prestando atendimento de urg\u00eancia em n\u00edvel ambulatorial ou at\u00e9 mesmo hospitalar.<\/p>\n<p>&nbsp;<\/p>\n<p style=\"text-align: justify;\">Nosso reconhecimento por cuidar da sa\u00fade da nossa pele!<\/p>\n<p>&nbsp;<\/p>\n<p style=\"text-align: justify;\"><strong>Para maiores informa\u00e7\u00f5es e d\u00favidas:<\/strong><\/p>\n<p style=\"text-align: justify;\"><strong>Contato: (62) 3604-4100<\/strong><\/p>\n<p style=\"text-align: justify;\"><strong>Visite nosso site:<\/strong> <a href=\"https:\/\/grupopiccolo.com.br\/v3\/\"><strong>https:\/\/grupopiccolo.com.br\/v3\/<\/strong><\/a><\/p>\n<p style=\"text-align: justify;\"><strong>Endere\u00e7o:<\/strong> Rua 5, 439, Setor Oeste, Goi\u00e2nia, Goi\u00e1s.<\/p>\n<p>&nbsp;<\/p>\n<p style=\"text-align: justify;\"><strong>Atendemos:<\/strong><\/p>\n<p style=\"text-align: justify;\">-Particular<\/p>\n<p style=\"text-align: justify;\">-IPASGO<\/p>\n<p style=\"text-align: justify;\">-IMAS<\/p>\n<p style=\"text-align: justify;\">-CASSI<\/p>\n<p style=\"text-align: justify;\">-Outros conv\u00eanios<\/p>\n<p>&nbsp;<\/p>\n<p style=\"text-align: justify;\"><strong>Tratamentos:<\/strong><\/p>\n<p style=\"text-align: justify;\">-Queimaduras<\/p>\n<p style=\"text-align: justify;\">-Feridas<\/p>\n<p style=\"text-align: justify;\">-\u00dalceras Varicosas<\/p>\n<p style=\"text-align: justify;\">-P\u00e9 Diab\u00e9tico<\/p>\n<p style=\"text-align: justify;\">-\u00dalceras de Press\u00e3o<\/p>\n<p style=\"text-align: justify;\">-Escaras<\/p>\n<p style=\"text-align: justify;\"><strong>\u00a0<\/strong><\/p>\n<p style=\"text-align: justify;\"><strong>Respons\u00e1vel T\u00e9cnico:<\/strong> Dr. Nelson Sarto P\u00edccolo &#8211; CRM\/GO: 4606 &#8211; RQE 476<\/p>\n","protected":false},"excerpt":{"rendered":"<p>O dermatologista \u00e9 o m\u00e9dico especialista no diagn\u00f3stico, preven\u00e7\u00e3o e tratamento de doen\u00e7as de pele, pelos, mucosas, cabelos e unhas. Ao todo, mais de 3 mil doen\u00e7as dermatol\u00f3gicas afetam crian\u00e7as, adultos e idosos. &nbsp; Al\u00e9m do tratamento de doen\u00e7as de pele, o dermatologista tamb\u00e9m pode atuar juntamente com outros especialistas no tratamento de queimaduras orientando<\/p>\n","protected":false},"author":1,"featured_media":1751,"comment_status":"open","ping_status":"open","sticky":false,"template":"","format":"standard","meta":{"footnotes":""},"categories":[95,56,57,54,8,52,55,62,65,63,64,82,83],"tags":[96,60,61,58,87,97,53,59,84,67,69,66,70,77,76],"class_list":["post-1750","post","type-post","status-publish","format-standard","has-post-thumbnail","hentry","category-feridas-cronicas","category-goiania","category-goias","category-grupo-piccolo","category-home-one","category-noticias","category-pronto-socorro-para-queimaduras","category-tratamento-de-feridas","category-tratamento-de-lesoes","category-tratamento-de-pe-diabetico","category-tratamento-escaras","category-ulceras-de-pressao","category-ulceras-varicosas","tag-feridas-cronicas","tag-goiania","tag-goias","tag-grupo-piccolo","tag-imprensa","tag-manchetes","tag-noticias","tag-pronto-socorro-para-queimaduras","tag-saude","tag-tratamento-de-feridas","tag-tratamento-de-lesoes","tag-tratamento-de-pe-diabetico","tag-tratamento-escaras","tag-ulceras-de-pressao","tag-ulceras-varicosas"],"yoast_head":"<!-- This site is optimized with the Yoast SEO plugin v17.0 - https:\/\/yoast.com\/wordpress\/plugins\/seo\/ -->\n<title>Dia do Dermatologista - Grupo Piccolo<\/title>\n<meta name=\"description\" content=\"Dia do Dermatologista\" \/>\n<meta name=\"robots\" content=\"index, follow, max-snippet:-1, max-image-preview:large, max-video-preview:-1\" \/>\n<link rel=\"canonical\" href=\"https:\/\/grupopiccolo.com.br\/v3\/index.php\/2022\/02\/14\/dia-do-dermatologista\/\" \/>\n<meta property=\"og:locale\" content=\"pt_BR\" \/>\n<meta property=\"og:type\" content=\"article\" \/>\n<meta property=\"og:title\" content=\"Dia do Dermatologista - Grupo Piccolo\" \/>\n<meta property=\"og:description\" content=\"Dia do Dermatologista\" \/>\n<meta property=\"og:url\" content=\"https:\/\/grupopiccolo.com.br\/v3\/index.php\/2022\/02\/14\/dia-do-dermatologista\/\" \/>\n<meta property=\"og:site_name\" content=\"Grupo Piccolo\" \/>\n<meta property=\"article:author\" content=\"https:\/\/www.facebook.com\/prontosocorroparaqueimaduras\/\" \/>\n<meta property=\"article:published_time\" content=\"2022-02-14T14:53:53+00:00\" \/>\n<meta property=\"article:modified_time\" content=\"2022-02-14T14:54:10+00:00\" \/>\n<meta property=\"og:image\" content=\"https:\/\/grupopiccolo.com.br\/v3\/wp-content\/uploads\/2022\/02\/2-Dia-do-Dermatologista_Easy-Resize.com_.jpg\" \/>\n\t<meta property=\"og:image:width\" content=\"1280\" \/>\n\t<meta property=\"og:image:height\" content=\"853\" \/>\n<meta name=\"twitter:card\" content=\"summary_large_image\" \/>\n<meta name=\"twitter:label1\" content=\"Escrito por\" \/>\n\t<meta name=\"twitter:data1\" content=\"Grupo Piccolo\" \/>\n\t<meta name=\"twitter:label2\" content=\"Est. tempo de leitura\" \/>\n\t<meta name=\"twitter:data2\" content=\"1 minuto\" \/>\n<script type=\"application\/ld+json\" class=\"yoast-schema-graph\">{\"@context\":\"https:\/\/schema.org\",\"@graph\":[{\"@type\":\"Organization\",\"@id\":\"https:\/\/grupopiccolo.com.br\/v3\/#organization\",\"name\":\"Grupo Piccolo\",\"url\":\"https:\/\/grupopiccolo.com.br\/v3\/\",\"sameAs\":[],\"logo\":{\"@type\":\"ImageObject\",\"@id\":\"https:\/\/grupopiccolo.com.br\/v3\/#logo\",\"inLanguage\":\"pt-BR\",\"url\":\"https:\/\/grupopiccolo.com.br\/v3\/wp-content\/uploads\/2019\/01\/logo-grupo-piccolo-1.png\",\"contentUrl\":\"https:\/\/grupopiccolo.com.br\/v3\/wp-content\/uploads\/2019\/01\/logo-grupo-piccolo-1.png\",\"width\":672,\"height\":234,\"caption\":\"Grupo Piccolo\"},\"image\":{\"@id\":\"https:\/\/grupopiccolo.com.br\/v3\/#logo\"}},{\"@type\":\"WebSite\",\"@id\":\"https:\/\/grupopiccolo.com.br\/v3\/#website\",\"url\":\"https:\/\/grupopiccolo.com.br\/v3\/\",\"name\":\"Grupo Piccolo\",\"description\":\"Grupo Piccolo\",\"publisher\":{\"@id\":\"https:\/\/grupopiccolo.com.br\/v3\/#organization\"},\"potentialAction\":[{\"@type\":\"SearchAction\",\"target\":{\"@type\":\"EntryPoint\",\"urlTemplate\":\"https:\/\/grupopiccolo.com.br\/v3\/?s={search_term_string}\"},\"query-input\":\"required name=search_term_string\"}],\"inLanguage\":\"pt-BR\"},{\"@type\":\"ImageObject\",\"@id\":\"https:\/\/grupopiccolo.com.br\/v3\/index.php\/2022\/02\/14\/dia-do-dermatologista\/#primaryimage\",\"inLanguage\":\"pt-BR\",\"url\":\"https:\/\/grupopiccolo.com.br\/v3\/wp-content\/uploads\/2022\/02\/2-Dia-do-Dermatologista_Easy-Resize.com_.jpg\",\"contentUrl\":\"https:\/\/grupopiccolo.com.br\/v3\/wp-content\/uploads\/2022\/02\/2-Dia-do-Dermatologista_Easy-Resize.com_.jpg\",\"width\":1280,\"height\":853,\"caption\":\"Imagem\/Freepik\"},{\"@type\":\"WebPage\",\"@id\":\"https:\/\/grupopiccolo.com.br\/v3\/index.php\/2022\/02\/14\/dia-do-dermatologista\/#webpage\",\"url\":\"https:\/\/grupopiccolo.com.br\/v3\/index.php\/2022\/02\/14\/dia-do-dermatologista\/\",\"name\":\"Dia do Dermatologista - Grupo Piccolo\",\"isPartOf\":{\"@id\":\"https:\/\/grupopiccolo.com.br\/v3\/#website\"},\"primaryImageOfPage\":{\"@id\":\"https:\/\/grupopiccolo.com.br\/v3\/index.php\/2022\/02\/14\/dia-do-dermatologista\/#primaryimage\"},\"datePublished\":\"2022-02-14T14:53:53+00:00\",\"dateModified\":\"2022-02-14T14:54:10+00:00\",\"description\":\"Dia do Dermatologista\",\"breadcrumb\":{\"@id\":\"https:\/\/grupopiccolo.com.br\/v3\/index.php\/2022\/02\/14\/dia-do-dermatologista\/#breadcrumb\"},\"inLanguage\":\"pt-BR\",\"potentialAction\":[{\"@type\":\"ReadAction\",\"target\":[\"https:\/\/grupopiccolo.com.br\/v3\/index.php\/2022\/02\/14\/dia-do-dermatologista\/\"]}]},{\"@type\":\"BreadcrumbList\",\"@id\":\"https:\/\/grupopiccolo.com.br\/v3\/index.php\/2022\/02\/14\/dia-do-dermatologista\/#breadcrumb\",\"itemListElement\":[{\"@type\":\"ListItem\",\"position\":1,\"name\":\"In\\u00edcio\",\"item\":\"https:\/\/grupopiccolo.com.br\/v3\/\"},{\"@type\":\"ListItem\",\"position\":2,\"name\":\"Dia do Dermatologista\"}]},{\"@type\":\"Article\",\"@id\":\"https:\/\/grupopiccolo.com.br\/v3\/index.php\/2022\/02\/14\/dia-do-dermatologista\/#article\",\"isPartOf\":{\"@id\":\"https:\/\/grupopiccolo.com.br\/v3\/index.php\/2022\/02\/14\/dia-do-dermatologista\/#webpage\"},\"author\":{\"@id\":\"https:\/\/grupopiccolo.com.br\/v3\/#\/schema\/person\/3b36273be544f5be11c4791e0451755e\"},\"headline\":\"Dia do Dermatologista\",\"datePublished\":\"2022-02-14T14:53:53+00:00\",\"dateModified\":\"2022-02-14T14:54:10+00:00\",\"mainEntityOfPage\":{\"@id\":\"https:\/\/grupopiccolo.com.br\/v3\/index.php\/2022\/02\/14\/dia-do-dermatologista\/#webpage\"},\"wordCount\":167,\"commentCount\":0,\"publisher\":{\"@id\":\"https:\/\/grupopiccolo.com.br\/v3\/#organization\"},\"image\":{\"@id\":\"https:\/\/grupopiccolo.com.br\/v3\/index.php\/2022\/02\/14\/dia-do-dermatologista\/#primaryimage\"},\"thumbnailUrl\":\"https:\/\/grupopiccolo.com.br\/v3\/wp-content\/uploads\/2022\/02\/2-Dia-do-Dermatologista_Easy-Resize.com_.jpg\",\"keywords\":[\"Feridas cr\\u00f4nicas\",\"Goi\\u00e2nia\",\"Goi\\u00e1s\",\"Grupo Piccolo\",\"Imprensa\",\"Manchetes\",\"Not\\u00edcias\",\"Pronto Socorro para Queimaduras\",\"Sa\\u00fade\",\"Tratamento de feridas\",\"tratamento de les\\u00f5es\",\"Tratamento de p\\u00e9 diab\\u00e9tico\",\"tratamento escaras\",\"\\u00dalceras de Press\\u00e3o\",\"\\u00dalceras Varicosas\"],\"articleSection\":[\"Feridas cr\\u00f4nicas\",\"Goi\\u00e2nia\",\"Goi\\u00e1s\",\"Grupo Piccolo\",\"Home One\",\"Not\\u00edcias\",\"Pronto Socorro para Queimaduras\",\"Tratamento de feridas\",\"tratamento de les\\u00f5es\",\"Tratamento de p\\u00e9 diab\\u00e9tico\",\"tratamento escaras\",\"\\u00falceras de press\\u00e3o\",\"\\u00falceras varicosas\"],\"inLanguage\":\"pt-BR\",\"potentialAction\":[{\"@type\":\"CommentAction\",\"name\":\"Comment\",\"target\":[\"https:\/\/grupopiccolo.com.br\/v3\/index.php\/2022\/02\/14\/dia-do-dermatologista\/#respond\"]}]},{\"@type\":\"Person\",\"@id\":\"https:\/\/grupopiccolo.com.br\/v3\/#\/schema\/person\/3b36273be544f5be11c4791e0451755e\",\"name\":\"Grupo Piccolo\",\"image\":{\"@type\":\"ImageObject\",\"@id\":\"https:\/\/grupopiccolo.com.br\/v3\/#personlogo\",\"inLanguage\":\"pt-BR\",\"url\":\"https:\/\/grupopiccolo.com.br\/v3\/wp-content\/uploads\/2021\/08\/Logo-Marca-Piccolo-Redonda-sem-slogan-2-150x150.png\",\"contentUrl\":\"https:\/\/grupopiccolo.com.br\/v3\/wp-content\/uploads\/2021\/08\/Logo-Marca-Piccolo-Redonda-sem-slogan-2-150x150.png\",\"caption\":\"Grupo Piccolo\"},\"description\":\"O Pronto Socorro para Queimaduras \\u00e9 refer\\u00eancia no tratamento de queimaduras em Goi\\u00e1s e regi\\u00e3o Centro-Oeste.\",\"sameAs\":[\"https:\/\/grupopiccolo.com.br\/v3\",\"https:\/\/www.facebook.com\/prontosocorroparaqueimaduras\/\"],\"url\":\"https:\/\/grupopiccolo.com.br\/v3\/index.php\/author\/piccolo\/\"}]}<\/script>\n<!-- \/ Yoast SEO plugin. -->","yoast_head_json":{"title":"Dia do Dermatologista - Grupo Piccolo","description":"Dia do Dermatologista","robots":{"index":"index","follow":"follow","max-snippet":"max-snippet:-1","max-image-preview":"max-image-preview:large","max-video-preview":"max-video-preview:-1"},"canonical":"https:\/\/grupopiccolo.com.br\/v3\/index.php\/2022\/02\/14\/dia-do-dermatologista\/","og_locale":"pt_BR","og_type":"article","og_title":"Dia do Dermatologista - Grupo Piccolo","og_description":"Dia do Dermatologista","og_url":"https:\/\/grupopiccolo.com.br\/v3\/index.php\/2022\/02\/14\/dia-do-dermatologista\/","og_site_name":"Grupo Piccolo","article_author":"https:\/\/www.facebook.com\/prontosocorroparaqueimaduras\/","article_published_time":"2022-02-14T14:53:53+00:00","article_modified_time":"2022-02-14T14:54:10+00:00","og_image":[{"width":1280,"height":853,"url":"https:\/\/grupopiccolo.com.br\/v3\/wp-content\/uploads\/2022\/02\/2-Dia-do-Dermatologista_Easy-Resize.com_.jpg","path":"\/home2\/grupopi\/public_html\/v3\/wp-content\/uploads\/2022\/02\/2-Dia-do-Dermatologista_Easy-Resize.com_.jpg","size":"full","id":1751,"alt":"Dia do Dermatologista","pixels":1091840,"type":"image\/jpeg"}],"twitter_card":"summary_large_image","twitter_misc":{"Escrito por":"Grupo Piccolo","Est. tempo de leitura":"1 minuto"},"schema":{"@context":"https:\/\/schema.org","@graph":[{"@type":"Organization","@id":"https:\/\/grupopiccolo.com.br\/v3\/#organization","name":"Grupo Piccolo","url":"https:\/\/grupopiccolo.com.br\/v3\/","sameAs":[],"logo":{"@type":"ImageObject","@id":"https:\/\/grupopiccolo.com.br\/v3\/#logo","inLanguage":"pt-BR","url":"https:\/\/grupopiccolo.com.br\/v3\/wp-content\/uploads\/2019\/01\/logo-grupo-piccolo-1.png","contentUrl":"https:\/\/grupopiccolo.com.br\/v3\/wp-content\/uploads\/2019\/01\/logo-grupo-piccolo-1.png","width":672,"height":234,"caption":"Grupo Piccolo"},"image":{"@id":"https:\/\/grupopiccolo.com.br\/v3\/#logo"}},{"@type":"WebSite","@id":"https:\/\/grupopiccolo.com.br\/v3\/#website","url":"https:\/\/grupopiccolo.com.br\/v3\/","name":"Grupo Piccolo","description":"Grupo Piccolo","publisher":{"@id":"https:\/\/grupopiccolo.com.br\/v3\/#organization"},"potentialAction":[{"@type":"SearchAction","target":{"@type":"EntryPoint","urlTemplate":"https:\/\/grupopiccolo.com.br\/v3\/?s={search_term_string}"},"query-input":"required name=search_term_string"}],"inLanguage":"pt-BR"},{"@type":"ImageObject","@id":"https:\/\/grupopiccolo.com.br\/v3\/index.php\/2022\/02\/14\/dia-do-dermatologista\/#primaryimage","inLanguage":"pt-BR","url":"https:\/\/grupopiccolo.com.br\/v3\/wp-content\/uploads\/2022\/02\/2-Dia-do-Dermatologista_Easy-Resize.com_.jpg","contentUrl":"https:\/\/grupopiccolo.com.br\/v3\/wp-content\/uploads\/2022\/02\/2-Dia-do-Dermatologista_Easy-Resize.com_.jpg","width":1280,"height":853,"caption":"Imagem\/Freepik"},{"@type":"WebPage","@id":"https:\/\/grupopiccolo.com.br\/v3\/index.php\/2022\/02\/14\/dia-do-dermatologista\/#webpage","url":"https:\/\/grupopiccolo.com.br\/v3\/index.php\/2022\/02\/14\/dia-do-dermatologista\/","name":"Dia do Dermatologista - Grupo Piccolo","isPartOf":{"@id":"https:\/\/grupopiccolo.com.br\/v3\/#website"},"primaryImageOfPage":{"@id":"https:\/\/grupopiccolo.com.br\/v3\/index.php\/2022\/02\/14\/dia-do-dermatologista\/#primaryimage"},"datePublished":"2022-02-14T14:53:53+00:00","dateModified":"2022-02-14T14:54:10+00:00","description":"Dia do Dermatologista","breadcrumb":{"@id":"https:\/\/grupopiccolo.com.br\/v3\/index.php\/2022\/02\/14\/dia-do-dermatologista\/#breadcrumb"},"inLanguage":"pt-BR","potentialAction":[{"@type":"ReadAction","target":["https:\/\/grupopiccolo.com.br\/v3\/index.php\/2022\/02\/14\/dia-do-dermatologista\/"]}]},{"@type":"BreadcrumbList","@id":"https:\/\/grupopiccolo.com.br\/v3\/index.php\/2022\/02\/14\/dia-do-dermatologista\/#breadcrumb","itemListElement":[{"@type":"ListItem","position":1,"name":"In\u00edcio","item":"https:\/\/grupopiccolo.com.br\/v3\/"},{"@type":"ListItem","position":2,"name":"Dia do Dermatologista"}]},{"@type":"Article","@id":"https:\/\/grupopiccolo.com.br\/v3\/index.php\/2022\/02\/14\/dia-do-dermatologista\/#article","isPartOf":{"@id":"https:\/\/grupopiccolo.com.br\/v3\/index.php\/2022\/02\/14\/dia-do-dermatologista\/#webpage"},"author":{"@id":"https:\/\/grupopiccolo.com.br\/v3\/#\/schema\/person\/3b36273be544f5be11c4791e0451755e"},"headline":"Dia do Dermatologista","datePublished":"2022-02-14T14:53:53+00:00","dateModified":"2022-02-14T14:54:10+00:00","mainEntityOfPage":{"@id":"https:\/\/grupopiccolo.com.br\/v3\/index.php\/2022\/02\/14\/dia-do-dermatologista\/#webpage"},"wordCount":167,"commentCount":0,"publisher":{"@id":"https:\/\/grupopiccolo.com.br\/v3\/#organization"},"image":{"@id":"https:\/\/grupopiccolo.com.br\/v3\/index.php\/2022\/02\/14\/dia-do-dermatologista\/#primaryimage"},"thumbnailUrl":"https:\/\/grupopiccolo.com.br\/v3\/wp-content\/uploads\/2022\/02\/2-Dia-do-Dermatologista_Easy-Resize.com_.jpg","keywords":["Feridas cr\u00f4nicas","Goi\u00e2nia","Goi\u00e1s","Grupo Piccolo","Imprensa","Manchetes","Not\u00edcias","Pronto Socorro para Queimaduras","Sa\u00fade","Tratamento de feridas","tratamento de les\u00f5es","Tratamento de p\u00e9 diab\u00e9tico","tratamento escaras","\u00dalceras de Press\u00e3o","\u00dalceras Varicosas"],"articleSection":["Feridas cr\u00f4nicas","Goi\u00e2nia","Goi\u00e1s","Grupo Piccolo","Home One","Not\u00edcias","Pronto Socorro para Queimaduras","Tratamento de feridas","tratamento de les\u00f5es","Tratamento de p\u00e9 diab\u00e9tico","tratamento escaras","\u00falceras de press\u00e3o","\u00falceras varicosas"],"inLanguage":"pt-BR","potentialAction":[{"@type":"CommentAction","name":"Comment","target":["https:\/\/grupopiccolo.com.br\/v3\/index.php\/2022\/02\/14\/dia-do-dermatologista\/#respond"]}]},{"@type":"Person","@id":"https:\/\/grupopiccolo.com.br\/v3\/#\/schema\/person\/3b36273be544f5be11c4791e0451755e","name":"Grupo Piccolo","image":{"@type":"ImageObject","@id":"https:\/\/grupopiccolo.com.br\/v3\/#personlogo","inLanguage":"pt-BR","url":"https:\/\/grupopiccolo.com.br\/v3\/wp-content\/uploads\/2021\/08\/Logo-Marca-Piccolo-Redonda-sem-slogan-2-150x150.png","contentUrl":"https:\/\/grupopiccolo.com.br\/v3\/wp-content\/uploads\/2021\/08\/Logo-Marca-Piccolo-Redonda-sem-slogan-2-150x150.png","caption":"Grupo Piccolo"},"description":"O Pronto Socorro para Queimaduras \u00e9 refer\u00eancia no tratamento de queimaduras em Goi\u00e1s e regi\u00e3o Centro-Oeste.","sameAs":["https:\/\/grupopiccolo.com.br\/v3","https:\/\/www.facebook.com\/prontosocorroparaqueimaduras\/"],"url":"https:\/\/grupopiccolo.com.br\/v3\/index.php\/author\/piccolo\/"}]}},"amp_enabled":true,"_links":{"self":[{"href":"https:\/\/grupopiccolo.com.br\/v3\/index.php\/wp-json\/wp\/v2\/posts\/1750","targetHints":{"allow":["GET"]}}],"collection":[{"href":"https:\/\/grupopiccolo.com.br\/v3\/index.php\/wp-json\/wp\/v2\/posts"}],"about":[{"href":"https:\/\/grupopiccolo.com.br\/v3\/index.php\/wp-json\/wp\/v2\/types\/post"}],"author":[{"embeddable":true,"href":"https:\/\/grupopiccolo.com.br\/v3\/index.php\/wp-json\/wp\/v2\/users\/1"}],"replies":[{"embeddable":true,"href":"https:\/\/grupopiccolo.com.br\/v3\/index.php\/wp-json\/wp\/v2\/comments?post=1750"}],"version-history":[{"count":2,"href":"https:\/\/grupopiccolo.com.br\/v3\/index.php\/wp-json\/wp\/v2\/posts\/1750\/revisions"}],"predecessor-version":[{"id":1753,"href":"https:\/\/grupopiccolo.com.br\/v3\/index.php\/wp-json\/wp\/v2\/posts\/1750\/revisions\/1753"}],"wp:featuredmedia":[{"embeddable":true,"href":"https:\/\/grupopiccolo.com.br\/v3\/index.php\/wp-json\/wp\/v2\/media\/1751"}],"wp:attachment":[{"href":"https:\/\/grupopiccolo.com.br\/v3\/index.php\/wp-json\/wp\/v2\/media?parent=1750"}],"wp:term":[{"taxonomy":"category","embeddable":true,"href":"https:\/\/grupopiccolo.com.br\/v3\/index.php\/wp-json\/wp\/v2\/categories?post=1750"},{"taxonomy":"post_tag","embeddable":true,"href":"https:\/\/grupopiccolo.com.br\/v3\/index.php\/wp-json\/wp\/v2\/tags?post=1750"}],"curies":[{"name":"wp","href":"https:\/\/api.w.org\/{rel}","templated":true}]}}